{"id":39425,"date":"2018-09-17T15:15:22","date_gmt":"2018-09-17T13:15:22","guid":{"rendered":"https:\/\/www.digital-insure.fr\/digital-insure-en-las-jornadas-del-corretaje-el-19-y-20-de-septiembre-de-2018\/"},"modified":"2025-10-21T15:21:19","modified_gmt":"2025-10-21T13:21:19","slug":"digital-insure-en-las-jornadas-del-corretaje-el-19-y-20-de-septiembre-de-2018","status":"publish","type":"post","link":"https:\/\/www.digital-insure.fr\/es\/digital-insure-en-las-jornadas-del-corretaje-el-19-y-20-de-septiembre-de-2018\/","title":{"rendered":"Digital Insure en las Jornadas del Corretaje el 19 y 20 de septiembre de 2018"},"content":{"rendered":"<div style=\"margin-top: 0px; margin-bottom: 0px;\" class=\"sharethis-inline-share-buttons\" ><\/div>\t\t<div data-elementor-type=\"wp-post\" data-elementor-id=\"39425\" class=\"elementor elementor-39425 elementor-2825\" data-elementor-post-type=\"post\">\n\t\t\t\t\t\t<section class=\"elementor-section elementor-top-section elementor-element elementor-element-65e1c4d elementor-section-boxed elementor-section-height-default elementor-section-height-default\" data-id=\"65e1c4d\" data-element_type=\"section\" data-e-type=\"section\">\n\t\t\t\t\t\t<div class=\"elementor-container elementor-column-gap-default\">\n\t\t\t\t\t<div class=\"elementor-column elementor-col-100 elementor-top-column elementor-element elementor-element-7166881\" data-id=\"7166881\" data-element_type=\"column\" data-e-type=\"column\">\n\t\t\t<div class=\"elementor-widget-wrap elementor-element-populated\">\n\t\t\t\t\t\t<div class=\"elementor-element elementor-element-8edf7b3 elementor-widget elementor-widget-webify-section-heading-widget\" data-id=\"8edf7b3\" data-element_type=\"widget\" data-e-type=\"widget\" data-widget_type=\"webify-section-heading-widget.default\">\n\t\t\t\t<div class=\"elementor-widget-container\">\n\t\t\t\t\t        <div class=\"tb-section-heading tb-style2\">\n                      <div none=\"\" class=\"tb-f16-lg tb-small-heading tb-mt-3\" class=\"tb-f16-lg tb-small-heading tb-mt-3\">\u00c9V\u00c9NEMENTS<\/div>\n            <div class=\"empty-space marg-lg-b10\"><\/div>\n                                <h2 class=\"tb-f32-lg tb-f25-sm tb-big-heading tb-font-name tb-mb-6\" class=\"tb-f32-lg tb-f25-sm tb-big-heading tb-font-name tb-mb-6\">Digital Insure aux Journ\u00e9es du Courtage le 19 et 20 septembre 2018<\/h2>\n                  <\/div>\n        \t\t\t\t<\/div>\n\t\t\t\t<\/div>\n\t\t\t\t<div class=\"elementor-element elementor-element-d9ac7c4 elementor-widget elementor-widget-webify-section-heading-widget\" data-id=\"d9ac7c4\" data-element_type=\"widget\" data-e-type=\"widget\" data-widget_type=\"webify-section-heading-widget.default\">\n\t\t\t\t<div class=\"elementor-widget-container\">\n\t\t\t\t\t        <div class=\"tb-section-heading\">\n          <h2 class=\"tb-f32-lg tb-f28-sm tb-big-heading tb-font-name tb-mt-5 tb-mb-8 tb-mb-6-sm\" class=\"tb-f32-lg tb-f28-sm tb-big-heading tb-font-name tb-mt-5 tb-mb-8 tb-mb-6-sm\">Cette ann\u00e9e encore, les \u00e9quipes Digital Insure seront pr\u00e9sentes au grand salon professionnel des courtiers, les Journ\u00e9es du Courtage, qui ouvrira ses portes le 19 septembre \u00e0 Paris.<\/h2>\n        <\/div>\n      \n      \t\t\t\t<\/div>\n\t\t\t\t<\/div>\n\t\t\t\t<div class=\"elementor-element elementor-element-fc94b17 elementor-widget elementor-widget-text-editor\" data-id=\"fc94b17\" data-element_type=\"widget\" data-e-type=\"widget\" data-widget_type=\"text-editor.default\">\n\t\t\t\t<div class=\"elementor-widget-container\">\n\t\t\t\t\t\t\t\t\t<div class=\"wpb_text_column wpb_content_element \"><div class=\"wpb_wrapper\"><p>La ocasi\u00f3n durante 2 d\u00edas de reunirse con los socios distribuidores y presentar a los corredores soluciones sencillas y f\u00e1ciles para desarrollar su actividad en seguros de pr\u00e9stamos. Para Fabrice Couturier y Jean Orgonasi, fundadores: <\/p><p><strong><em>\u00abEste encuentro es un momento verdaderamente privilegiado. Nos permite acercarnos a nuestros colaboradores fieles. Tambi\u00e9n es una oportunidad para dar a conocer nuestras soluciones a corredores que a\u00fan no trabajan con nosotros y que desean dominar su actividad en seguros de pr\u00e9stamos.\u00bb<\/em><\/strong><\/p><p>Digital Insure consolida las actividades de BPSIs y Multinet Services, marcas presentes en a\u00f1os anteriores en los stands de las Jornadas del Corretaje. Este a\u00f1o ser\u00e1 bajo la marca de la empresa matriz donde los equipos estar\u00e1n representados en el stand T52. <\/p><p><strong>Nota:<\/strong> Jornadas del Corretaje, Palacio de Congresos, Par\u00eds Porte Maillot, 19 y 20 de septiembre de 2018.<\/p><\/div><\/div>\t\t\t\t\t\t\t\t<\/div>\n\t\t\t\t<\/div>\n\t\t\t\t\t<\/div>\n\t\t<\/div>\n\t\t\t\t\t<\/div>\n\t\t<\/section>\n\t\t\t\t<\/div>\n\t\t","protected":false},"excerpt":{"rendered":"<p>\u00c9V\u00c9NEMENTS Digital Insure aux Journ\u00e9es du Courtage le 19 et 20 septembre 2018 Cette ann\u00e9e encore, les \u00e9quipes Digital Insure seront pr\u00e9sentes au grand salon professionnel des courtiers, les Journ\u00e9es du Courtage, qui ouvrira ses portes le 19 septembre \u00e0 Paris. La ocasi\u00f3n durante 2 d\u00edas de reunirse con los socios distribuidores y presentar a [&hellip;]<\/p>\n","protected":false},"author":11,"featured_media":0,"comment_status":"closed","ping_status":"closed","sticky":false,"template":"","format":"standard","meta":{"footnotes":""},"categories":[99],"tags":[],"class_list":["post-39425","post","type-post","status-publish","format-standard","hentry","category-evento"],"_links":{"self":[{"href":"https:\/\/www.digital-insure.fr\/es\/wp-json\/wp\/v2\/posts\/39425","targetHints":{"allow":["GET"]}}],"collection":[{"href":"https:\/\/www.digital-insure.fr\/es\/wp-json\/wp\/v2\/posts"}],"about":[{"href":"https:\/\/www.digital-insure.fr\/es\/wp-json\/wp\/v2\/types\/post"}],"author":[{"embeddable":true,"href":"https:\/\/www.digital-insure.fr\/es\/wp-json\/wp\/v2\/users\/11"}],"replies":[{"embeddable":true,"href":"https:\/\/www.digital-insure.fr\/es\/wp-json\/wp\/v2\/comments?post=39425"}],"version-history":[{"count":1,"href":"https:\/\/www.digital-insure.fr\/es\/wp-json\/wp\/v2\/posts\/39425\/revisions"}],"predecessor-version":[{"id":39427,"href":"https:\/\/www.digital-insure.fr\/es\/wp-json\/wp\/v2\/posts\/39425\/revisions\/39427"}],"wp:attachment":[{"href":"https:\/\/www.digital-insure.fr\/es\/wp-json\/wp\/v2\/media?parent=39425"}],"wp:term":[{"taxonomy":"category","embeddable":true,"href":"https:\/\/www.digital-insure.fr\/es\/wp-json\/wp\/v2\/categories?post=39425"},{"taxonomy":"post_tag","embeddable":true,"href":"https:\/\/www.digital-insure.fr\/es\/wp-json\/wp\/v2\/tags?post=39425"}],"curies":[{"name":"wp","href":"https:\/\/api.w.org\/{rel}","templated":true}]}}