{"id":38819,"date":"2021-05-20T10:03:56","date_gmt":"2021-05-20T08:03:56","guid":{"rendered":"https:\/\/www.digital-insure.fr\/digital-insure-se-une-al-programa-garantia-inmobiliaria-solidaria-establecido-en-isla-de-francia\/"},"modified":"2025-10-21T14:09:26","modified_gmt":"2025-10-21T12:09:26","slug":"digital-insure-se-une-al-programa-garantia-inmobiliaria-solidaria-establecido-en-isla-de-francia","status":"publish","type":"post","link":"https:\/\/www.digital-insure.fr\/es\/digital-insure-se-une-al-programa-garantia-inmobiliaria-solidaria-establecido-en-isla-de-francia\/","title":{"rendered":"Digital Insure se une al programa \u00abGarant\u00eda Inmobiliaria Solidaria\u00bb establecido en Isla de Francia"},"content":{"rendered":"<div style=\"margin-top: 0px; margin-bottom: 0px;\" class=\"sharethis-inline-share-buttons\" ><\/div>\t\t<div data-elementor-type=\"wp-post\" data-elementor-id=\"38819\" class=\"elementor elementor-38819 elementor-12515\" data-elementor-post-type=\"post\">\n\t\t\t\t\t\t<section class=\"elementor-section elementor-top-section elementor-element elementor-element-50d52e4 elementor-section-boxed elementor-section-height-default elementor-section-height-default\" data-id=\"50d52e4\" data-element_type=\"section\" data-e-type=\"section\">\n\t\t\t\t\t\t<div class=\"elementor-container elementor-column-gap-default\">\n\t\t\t\t\t<div class=\"elementor-column elementor-col-100 elementor-top-column elementor-element elementor-element-6c4fee5d\" data-id=\"6c4fee5d\" data-element_type=\"column\" data-e-type=\"column\">\n\t\t\t<div class=\"elementor-widget-wrap elementor-element-populated\">\n\t\t\t\t\t\t<div class=\"elementor-element elementor-element-6c1699e8 elementor-widget elementor-widget-webify-section-heading-widget\" data-id=\"6c1699e8\" data-element_type=\"widget\" data-e-type=\"widget\" data-widget_type=\"webify-section-heading-widget.default\">\n\t\t\t\t<div class=\"elementor-widget-container\">\n\t\t\t\t\t        <div class=\"tb-section-heading tb-style2\">\n                      <div none=\"\" class=\"tb-f16-lg tb-small-heading tb-mt-3\" class=\"tb-f16-lg tb-small-heading tb-mt-3\">COMMUNIQU\u00c9 DE PRESSE<\/div>\n            <div class=\"empty-space marg-lg-b10\"><\/div>\n                                <h2 class=\"tb-f32-lg tb-f25-sm tb-big-heading tb-font-name tb-mb-6\" class=\"tb-f32-lg tb-f25-sm tb-big-heading tb-font-name tb-mb-6\">Digital Insure s'engage aux c\u00f4t\u00e9s des franciliens primo-acc\u00e9dants en risques aggrav\u00e9s de sant\u00e9.<\/h2>\n                  <\/div>\n        \t\t\t\t<\/div>\n\t\t\t\t<\/div>\n\t\t\t\t<div class=\"elementor-element elementor-element-57e10e1 elementor-widget elementor-widget-webify-icon-box-widget\" data-id=\"57e10e1\" data-element_type=\"widget\" data-e-type=\"widget\" data-widget_type=\"webify-icon-box-widget.default\">\n\t\t\t\t<div class=\"elementor-widget-container\">\n\t\t\t\t\t        <div class=\"tb-icon-box tb-style4 tb-border text-center\">\n          <div class=\"tb-icon tb-f48-lg\">\n                          <i class=\"fa fa-file-pdf-o\"><\/i>\n                      <\/div>\n          <div class=\"empty-space marg-lg-b20\"><\/div>\n                      <h3 class=\"tb-iconbox-heading tb-font-name tb-f18-lg  tb-m0\">Communiqu\u00e9 de Presse : DI s&#039;engage dans le dispositif Garantie Immobili\u00e8re Solidaire r\u00e9gion Ile de France<\/h3>\n          <div class=\"empty-space marg-lg-b10\"><\/div>\n                                          <a href=\"https:\/\/www.digital-insure.fr\/wp-content\/uploads\/sites\/4\/2021\/05\/CP-Digital-Insure-garentie-immobiliere-solidaire-IDF-20052021.pdf\" target=\"_blank\" class=\"tb-btn tb-style1\">T\u00e9l\u00e9charger le pdf<\/a>\n                  <\/div>\n        \t\t\t\t<\/div>\n\t\t\t\t<\/div>\n\t\t\t\t<div class=\"elementor-element elementor-element-359f8faa elementor-widget elementor-widget-webify-section-heading-widget\" data-id=\"359f8faa\" data-element_type=\"widget\" data-e-type=\"widget\" data-widget_type=\"webify-section-heading-widget.default\">\n\t\t\t\t<div class=\"elementor-widget-container\">\n\t\t\t\t\t        <div class=\"tb-section-heading\">\n          <h2 class=\"tb-f32-lg tb-f28-sm tb-big-heading tb-font-name tb-mt-5 tb-mb-8 tb-mb-6-sm\" class=\"tb-f32-lg tb-f28-sm tb-big-heading tb-font-name tb-mt-5 tb-mb-8 tb-mb-6-sm\">Communiqu\u00e9 de presse<\/h2>\n        <\/div>\n      \n      \t\t\t\t<\/div>\n\t\t\t\t<\/div>\n\t\t\t\t<div class=\"elementor-element elementor-element-367acc44 elementor-widget-divider--view-line elementor-widget elementor-widget-divider\" data-id=\"367acc44\" data-element_type=\"widget\" data-e-type=\"widget\" data-widget_type=\"divider.default\">\n\t\t\t\t<div class=\"elementor-widget-container\">\n\t\t\t\t\t\t\t<div class=\"elementor-divider\">\n\t\t\t<span class=\"elementor-divider-separator\">\n\t\t\t\t\t\t<\/span>\n\t\t<\/div>\n\t\t\t\t\t\t<\/div>\n\t\t\t\t<\/div>\n\t\t\t\t<div class=\"elementor-element elementor-element-bb3edab elementor-widget elementor-widget-text-editor\" data-id=\"bb3edab\" data-element_type=\"widget\" data-e-type=\"widget\" data-widget_type=\"text-editor.default\">\n\t\t\t\t<div class=\"elementor-widget-container\">\n\t\t\t\t\t\t\t\t\t<div class=\"wpb_text_column wpb_content_element \"><div class=\"wpb_wrapper\"><div class=\"page\" title=\"P\u00e1gina 1\"><div class=\"layoutArea\"><div class=\"column\">Digital Insure se une a la regi\u00f3n de Isla de Francia y se adhiere al programa \u00abGarant\u00eda Inmobiliaria Solidaria\u00bb.<\/div><div> <\/div><\/div><\/div><div class=\"page\" title=\"P\u00e1gina 2\"><div class=\"layoutArea\"><div class=\"column\"><p><i><span style=\"font-weight: 400;\">Recordatorio: El objetivo de este programa es ayudar a los compradores primerizos de la regi\u00f3n de Par\u00eds*, sujetos a una sobreprima en su seguro de pr\u00e9stamo debido a su estado de salud considerado \u00abagravado\u00bb (c\u00e1ncer, VIH y ciertas enfermedades cr\u00f3nicas). <\/span><\/i><i><span style=\"font-weight: 400;\">Las entidades firmantes de esta Garant\u00eda Inmobiliaria Solidaria se comprometen a gestionar los contratos sin costes adicionales y a tarifa normal.<\/span><\/i><\/p><p><span style=\"font-weight: 400;\">Desde su lanzamiento en 2015, la insurtech Digital Insure trabaja por la accesibilidad y la simplicidad en la suscripci\u00f3n de productos de seguro de pr\u00e9stamo y de previsi\u00f3n. Digital Insure contribuye as\u00ed al acceso al cr\u00e9dito inmobiliario para el mayor n\u00famero de personas, independientemente de su situaci\u00f3n personal o profesional.  <\/span><\/p><p><span style=\"font-weight: 400;\">En 2020, Digital Insure decidi\u00f3 ir m\u00e1s all\u00e1 creando una filial dedicada a los Riesgos Especiales (DIRIS), para dar una respuesta adaptada a los prestatarios que presentan riesgos agravados de salud. <\/span><\/p><p><span style=\"font-weight: 400;\">DIRIS combina de manera \u00fanica la potencia tecnol\u00f3gica digital y la experiencia de especialistas familiarizados con las herramientas y protocolos relacionados con el Convenio AERAS (Asegurarse y Solicitar Pr\u00e9stamos con un Riesgo Agravado de Salud). <\/span><\/p><p><span style=\"font-weight: 400;\">Por lo tanto, es natural que Digital Insure se comprometa hoy con el programa \u00abGarant\u00eda Inmobiliaria Solidaria\u00bb para facilitar a\u00fan m\u00e1s la realizaci\u00f3n de proyectos de vida a particulares y empresarios de la Regi\u00f3n de Isla de Francia. As\u00ed, todo el ecosistema de socios de Digital Insure (corredores de cr\u00e9dito, corredores de seguros y distribuidores asociados) actuar\u00e1 colectivamente dentro de este programa en favor de los compradores primerizos de la regi\u00f3n parisina que presentan un riesgo agravado de salud. <\/span><\/p><p><span style=\"font-weight: 400;\">Alia Noura, Directora de experiencia del cliente en Digital Insure, afirma estar \u00ab<\/span><i><span style=\"font-weight: 400;\">particularmente orgullosa de haber participado en esta iniciativa que permite hacer el cr\u00e9dito accesible al mayor n\u00famero de personas y eliminar la discriminaci\u00f3n contra las personas que presentan un riesgo de salud agravado\u00bb.<\/span><\/i><\/p><p><span style=\"font-weight: 400;\">Fabrice Pomiers, Director General de Digital Insure Services, confirma: \u00ab<\/span><i><span style=\"font-weight: 400;\">Agradezco a la regi\u00f3n de Isla de Francia por confiar en nosotros al seleccionar nuestra candidatura y me alegro de este nuevo desaf\u00edo. En Digital Insure, nos aseguramos de que la innovaci\u00f3n no sea solo tecnol\u00f3gica sino tambi\u00e9n humana y que contribuya a la evoluci\u00f3n de la sociedad. <\/span><\/i><i><span style=\"font-weight: 400;\">Prestamos especial atenci\u00f3n a que nuestra experiencia beneficie a todos los asegurados, de la manera m\u00e1s amplia posible, independientemente de sus perfiles. <\/span><\/i> <\/p><p><span style=\"font-weight: 400;\">*Particulares y profesionales para la adquisici\u00f3n de una vivienda o un local comercial<\/span><\/p><p><b>ANEXO<\/b><\/p><p><span style=\"font-weight: 400;\">La garant\u00eda inmobiliaria solidaria est\u00e1 dotada de <\/span><span style=\"font-weight: 400;\">u<\/span><span style=\"font-weight: 400;\">n fondo regional de garant\u00eda de 3,7 millones de euros que complementa el convenio AERAS (Asegurarse y Solicitar Pr\u00e9stamos con un Riesgo Agravado de Salud).<\/span><\/p><p><span style=\"font-weight: 400;\">Recordatorio de las obligaciones:<\/span><\/p><p><span style=\"font-weight: 400;\">Para beneficiarse de la Garant\u00eda inmobiliaria solidaria, es necesario:<\/span><\/p><ul><li style=\"font-weight: 400;\" aria-level=\"1\"><span style=\"font-weight: 400;\">  Ser comprador primerizo de vivienda<\/span><\/li><li style=\"font-weight: 400;\" aria-level=\"1\"><span style=\"font-weight: 400;\">  Ser elegible para el convenio AERAS<\/span><\/li><li style=\"font-weight: 400;\" aria-level=\"1\"><span style=\"font-weight: 400;\">  Comprar una residencia principal en Isla de Francia<\/span><\/li><\/ul><p><span style=\"font-weight: 400;\">La Garant\u00eda inmobiliaria solidaria concierne:<\/span><\/p><ul><li style=\"font-weight: 400;\" aria-level=\"1\"><span style=\"font-weight: 400;\">  Todas las solicitudes de pr\u00e9stamos (vivienda o local comercial)<\/span><\/li><li style=\"font-weight: 400;\" aria-level=\"1\"><span style=\"font-weight: 400;\">  De un importe m\u00e1ximo de 320.000 euros<\/span><\/li><li style=\"font-weight: 400;\" aria-level=\"1\"><span style=\"font-weight: 400;\">  Cuyo contrato de seguro finalice como m\u00e1ximo a los 71 a\u00f1os del prestatario<\/span><\/li><\/ul><p> <\/p><p><b>Acerca de Digital Insure <\/b><\/p><p><span style=\"font-weight: 400;\">Fundada en 2013, Digital Insure es un corredor decididamente \u00abTech\u00bb, especializado en seguros de pr\u00e9stamos, previsi\u00f3n y salud. Sus procesos 100% digitales permiten simplificar y acelerar todas las etapas, desde la comparaci\u00f3n de ofertas hasta la suscripci\u00f3n y la gesti\u00f3n de siniestros.  <\/span><\/p><p><span style=\"font-weight: 400;\">Su filial Digital Insure Services ofrece una gesti\u00f3n sin fisuras para Aseguradoras, Mutuas, Bancos y Fintech. <\/span><\/p><p><span style=\"font-weight: 400;\">Digital Insure emplea a m\u00e1s de 120 trabajadores y gestiona m\u00e1s de 50.000 millones de capitales asegurados.<\/span><\/p><p><span style=\"font-weight: 400;\">Miembro de la promoci\u00f3n 2020 de French Tech 120, Digital Insure tambi\u00e9n est\u00e1 clasificada como la primera Insurtech en el ranking Frenchweb 500, por segundo a\u00f1o consecutivo.<\/span><\/p><p> <\/p><p><a href=\"https:\/\/www.digital-insure.fr\/es\/\"><span style=\"font-weight: 400;\">https:\/\/www.digital-insure.fr\/<\/span><\/a><\/p><p><strong>Contactos de prensa<\/strong><\/p><\/div><\/div><\/div><\/div><\/div>\t\t\t\t\t\t\t\t<\/div>\n\t\t\t\t<\/div>\n\t\t\t\t<section class=\"elementor-section elementor-inner-section elementor-element elementor-element-ff6ce25 elementor-section-boxed elementor-section-height-default elementor-section-height-default\" data-id=\"ff6ce25\" data-element_type=\"section\" data-e-type=\"section\">\n\t\t\t\t\t\t<div class=\"elementor-container elementor-column-gap-default\">\n\t\t\t\t\t<div class=\"elementor-column elementor-col-50 elementor-inner-column elementor-element elementor-element-4200d4b1\" data-id=\"4200d4b1\" data-element_type=\"column\" data-e-type=\"column\">\n\t\t\t<div class=\"elementor-widget-wrap elementor-element-populated\">\n\t\t\t\t\t\t<div class=\"elementor-element elementor-element-24f1ae76 elementor-widget elementor-widget-webify-about-us-widget\" data-id=\"24f1ae76\" data-element_type=\"widget\" data-e-type=\"widget\" data-widget_type=\"webify-about-us-widget.default\">\n\t\t\t\t<div class=\"elementor-widget-container\">\n\t\t\t\t\t\n    <div class=\"tb-about tb-style1\">\n            <div class=\"tb-section-heading tb-style2 text-center\">\n                  <div class=\"tb-f13-lg tb-line1-6 text-uppercase tb-sub-heading tb-spacing1 tb-mb2 tb-mt-5\" class=\"tb-f13-lg tb-line1-6 text-uppercase tb-sub-heading tb-spacing1 tb-mb2 tb-mt-5\">digital insure<\/div>\n          <div class=\"empty-space marg-lg-b5\"><\/div>\n                          <h2 class=\"tb-f36-lg tb-f25-sm tb-heading tb-font-name tb-m0\" class=\"tb-f36-lg tb-f25-sm tb-heading tb-font-name tb-m0\">Veronika Ondrackova<\/h2>\n          <div class=\"empty-space marg-lg-b20 marg-sm-b20\"><\/div>\n         \n      <\/div>\n              <div class=\"text-center tb-f18-lg tb-about-content tb-f18-sm tb-line1-6\" class=\"text-center tb-f18-lg tb-about-content tb-f18-sm tb-line1-6\">Responsable communication<br>\n&#x70;&#114;&#x65;&#x73;&#115;&#x65;&#x40;&#100;&#x69;&#x67;&#105;&#x74;&#x61;l&#x2d;&#x69;n&#x73;&#117;r&#x65;&#46;f&#x72;<br>\n09 72 56 42 64<\/div>\n                <\/div>\n\n  \t\t\t\t<\/div>\n\t\t\t\t<\/div>\n\t\t\t\t\t<\/div>\n\t\t<\/div>\n\t\t\t\t<div class=\"elementor-column elementor-col-50 elementor-inner-column elementor-element elementor-element-67c779fc\" data-id=\"67c779fc\" data-element_type=\"column\" data-e-type=\"column\">\n\t\t\t<div class=\"elementor-widget-wrap elementor-element-populated\">\n\t\t\t\t\t\t<div class=\"elementor-element elementor-element-19faa8ff elementor-widget elementor-widget-webify-about-us-widget\" data-id=\"19faa8ff\" data-element_type=\"widget\" data-e-type=\"widget\" data-widget_type=\"webify-about-us-widget.default\">\n\t\t\t\t<div class=\"elementor-widget-container\">\n\t\t\t\t\t\n    <div class=\"tb-about tb-style1\">\n            <div class=\"tb-section-heading tb-style2 text-center\">\n                  <div class=\"tb-f13-lg tb-line1-6 text-uppercase tb-sub-heading tb-spacing1 tb-mb2 tb-mt-5\" class=\"tb-f13-lg tb-line1-6 text-uppercase tb-sub-heading tb-spacing1 tb-mb2 tb-mt-5\">Kodiac CONSULTING<\/div>\n          <div class=\"empty-space marg-lg-b5\"><\/div>\n                          <h2 class=\"tb-f36-lg tb-f25-sm tb-heading tb-font-name tb-m0\" class=\"tb-f36-lg tb-f25-sm tb-heading tb-font-name tb-m0\">Brigitte Michaut<\/h2>\n          <div class=\"empty-space marg-lg-b20 marg-sm-b20\"><\/div>\n         \n      <\/div>\n              <div class=\"text-center tb-f18-lg tb-about-content tb-f18-sm tb-line1-6\" class=\"text-center tb-f18-lg tb-about-content tb-f18-sm tb-line1-6\">Consultante<br>\n&#x62;&#114;i&#x67;&#105;t&#x74;&#101;&#46;&#x6d;&#x69;&#99;&#x68;&#x61;&#117;t&#x40;&#107;o&#x64;&#105;a&#x63;&#x2e;&#102;&#x72;<br>\n06 19 66 38 54<\/div>\n                <\/div>\n\n  \t\t\t\t<\/div>\n\t\t\t\t<\/div>\n\t\t\t\t\t<\/div>\n\t\t<\/div>\n\t\t\t\t\t<\/div>\n\t\t<\/section>\n\t\t\t\t<div class=\"elementor-element elementor-element-30a4681e elementor-widget elementor-widget-webify-icon-box-widget\" data-id=\"30a4681e\" data-element_type=\"widget\" data-e-type=\"widget\" data-widget_type=\"webify-icon-box-widget.default\">\n\t\t\t\t<div class=\"elementor-widget-container\">\n\t\t\t\t\t        <div class=\"tb-icon-box tb-style4 tb-border text-center\">\n          <div class=\"tb-icon tb-f48-lg\">\n                          <i class=\"fa fa-file-pdf-o\"><\/i>\n                      <\/div>\n          <div class=\"empty-space marg-lg-b20\"><\/div>\n                      <h3 class=\"tb-iconbox-heading tb-font-name tb-f18-lg  tb-m0\">Communiqu\u00e9 de Presse : DI s&#039;engage dans le dispositif Garantie Immobili\u00e8re Solidaire r\u00e9gion Ile de France<\/h3>\n          <div class=\"empty-space marg-lg-b10\"><\/div>\n                                          <a href=\"https:\/\/www.digital-insure.fr\/wp-content\/uploads\/sites\/4\/2021\/05\/CP-Digital-Insure-garentie-immobiliere-solidaire-IDF-20052021.pdf\" target=\"_blank\" class=\"tb-btn tb-style1\">T\u00e9l\u00e9charger le pdf<\/a>\n                  <\/div>\n        \t\t\t\t<\/div>\n\t\t\t\t<\/div>\n\t\t\t\t\t<\/div>\n\t\t<\/div>\n\t\t\t\t\t<\/div>\n\t\t<\/section>\n\t\t\t\t<\/div>\n\t\t","protected":false},"excerpt":{"rendered":"<p>COMMUNIQU\u00c9 DE PRESSE Digital Insure s&rsquo;engage aux c\u00f4t\u00e9s des franciliens primo-acc\u00e9dants en risques aggrav\u00e9s de sant\u00e9. Communiqu\u00e9 de Presse : DI s&#039;engage dans le dispositif Garantie Immobili\u00e8re Solidaire r\u00e9gion Ile de France T\u00e9l\u00e9charger le pdf Communiqu\u00e9 de presse Digital Insure se une a la regi\u00f3n de Isla de Francia y se adhiere al programa \u00abGarant\u00eda [&hellip;]<\/p>\n","protected":false},"author":11,"featured_media":0,"comment_status":"closed","ping_status":"closed","sticky":false,"template":"","format":"standard","meta":{"footnotes":""},"categories":[96,99],"tags":[],"class_list":["post-38819","post","type-post","status-publish","format-standard","hentry","category-comunicado-de-prensa","category-evento"],"_links":{"self":[{"href":"https:\/\/www.digital-insure.fr\/es\/wp-json\/wp\/v2\/posts\/38819","targetHints":{"allow":["GET"]}}],"collection":[{"href":"https:\/\/www.digital-insure.fr\/es\/wp-json\/wp\/v2\/posts"}],"about":[{"href":"https:\/\/www.digital-insure.fr\/es\/wp-json\/wp\/v2\/types\/post"}],"author":[{"embeddable":true,"href":"https:\/\/www.digital-insure.fr\/es\/wp-json\/wp\/v2\/users\/11"}],"replies":[{"embeddable":true,"href":"https:\/\/www.digital-insure.fr\/es\/wp-json\/wp\/v2\/comments?post=38819"}],"version-history":[{"count":1,"href":"https:\/\/www.digital-insure.fr\/es\/wp-json\/wp\/v2\/posts\/38819\/revisions"}],"predecessor-version":[{"id":38820,"href":"https:\/\/www.digital-insure.fr\/es\/wp-json\/wp\/v2\/posts\/38819\/revisions\/38820"}],"wp:attachment":[{"href":"https:\/\/www.digital-insure.fr\/es\/wp-json\/wp\/v2\/media?parent=38819"}],"wp:term":[{"taxonomy":"category","embeddable":true,"href":"https:\/\/www.digital-insure.fr\/es\/wp-json\/wp\/v2\/categories?post=38819"},{"taxonomy":"post_tag","embeddable":true,"href":"https:\/\/www.digital-insure.fr\/es\/wp-json\/wp\/v2\/tags?post=38819"}],"curies":[{"name":"wp","href":"https:\/\/api.w.org\/{rel}","templated":true}]}}