{"id":38660,"date":"2023-09-19T08:00:20","date_gmt":"2023-09-19T06:00:20","guid":{"rendered":"https:\/\/www.digital-insure.fr\/alptis-lanza-un-marketplace-de-seguros-de-prestamo-en-colaboracion-con-digital-insure\/"},"modified":"2025-10-23T12:21:02","modified_gmt":"2025-10-23T10:21:02","slug":"alptis-lanza-un-marketplace-de-seguros-de-prestamo-en-colaboracion-con-digital-insure","status":"publish","type":"post","link":"https:\/\/www.digital-insure.fr\/es\/alptis-lanza-un-marketplace-de-seguros-de-prestamo-en-colaboracion-con-digital-insure\/","title":{"rendered":"Alptis lanza un marketplace de seguros de pr\u00e9stamo en colaboraci\u00f3n con Digital Insure"},"content":{"rendered":"<div style=\"margin-top: 0px; margin-bottom: 0px;\" class=\"sharethis-inline-share-buttons\" ><\/div>\t\t<div data-elementor-type=\"wp-post\" data-elementor-id=\"38660\" class=\"elementor elementor-38660 elementor-34145\" data-elementor-post-type=\"post\">\n\t\t\t\t\t\t<section class=\"elementor-section elementor-top-section elementor-element elementor-element-6960c05b elementor-section-boxed elementor-section-height-default elementor-section-height-default\" data-id=\"6960c05b\" data-element_type=\"section\" data-e-type=\"section\">\n\t\t\t\t\t\t<div class=\"elementor-container elementor-column-gap-default\">\n\t\t\t\t\t<div class=\"elementor-column elementor-col-100 elementor-top-column elementor-element elementor-element-35b7f150\" data-id=\"35b7f150\" data-element_type=\"column\" data-e-type=\"column\">\n\t\t\t<div class=\"elementor-widget-wrap elementor-element-populated\">\n\t\t\t\t\t\t<div class=\"elementor-element elementor-element-5f752a9 elementor-widget elementor-widget-webify-section-heading-widget\" data-id=\"5f752a9\" data-element_type=\"widget\" data-e-type=\"widget\" data-widget_type=\"webify-section-heading-widget.default\">\n\t\t\t\t<div class=\"elementor-widget-container\">\n\t\t\t\t\t        <div class=\"tb-section-heading tb-style2\">\n                      <div none=\"\" class=\"tb-f16-lg tb-small-heading tb-mt-3\" class=\"tb-f16-lg tb-small-heading tb-mt-3\">COMUNICADO DE PRENSA<\/div>\n            <div class=\"empty-space marg-lg-b10\"><\/div>\n                                <h2 class=\"tb-f32-lg tb-f25-sm tb-big-heading tb-font-name tb-mb-6\" class=\"tb-f32-lg tb-f25-sm tb-big-heading tb-font-name tb-mb-6\">Alptis lanza una Marketplace de Prestatario en asociaci\u00f3n con Digital Insure<\/h2>\n                  <\/div>\n        \t\t\t\t<\/div>\n\t\t\t\t<\/div>\n\t\t\t\t<div class=\"elementor-element elementor-element-5b4ba1e9 elementor-widget elementor-widget-webify-icon-box-widget\" data-id=\"5b4ba1e9\" data-element_type=\"widget\" data-e-type=\"widget\" data-widget_type=\"webify-icon-box-widget.default\">\n\t\t\t\t<div class=\"elementor-widget-container\">\n\t\t\t\t\t        <div class=\"tb-icon-box tb-style4 tb-border text-center\">\n          <div class=\"tb-icon tb-f48-lg\">\n                          <i class=\"fa fa-file-pdf-o\"><\/i>\n                      <\/div>\n          <div class=\"empty-space marg-lg-b20\"><\/div>\n                      <h3 class=\"tb-iconbox-heading tb-font-name tb-f18-lg  tb-m0\">Comunicado de Prensa Alptis - Digital Insure - 19\/09\/23<\/h3>\n          <div class=\"empty-space marg-lg-b10\"><\/div>\n                                          <a href=\"https:\/\/www.digital-insure.fr\/wp-content\/uploads\/sites\/4\/2023\/09\/CP-MARKETPLACE-ALPTIS-DIGITAL-INSURE_19-septembre-2023.pdf\" target=\"_blank\" class=\"tb-btn tb-style1\">Descargar el pdf<\/a>\n                  <\/div>\n        \t\t\t\t<\/div>\n\t\t\t\t<\/div>\n\t\t\t\t<div class=\"elementor-element elementor-element-51027780 elementor-widget elementor-widget-webify-section-heading-widget\" data-id=\"51027780\" data-element_type=\"widget\" data-e-type=\"widget\" data-widget_type=\"webify-section-heading-widget.default\">\n\t\t\t\t<div class=\"elementor-widget-container\">\n\t\t\t\t\t        <div class=\"tb-section-heading\">\n          <h2 class=\"tb-f32-lg tb-f28-sm tb-big-heading tb-font-name tb-mt-5 tb-mb-8 tb-mb-6-sm\" class=\"tb-f32-lg tb-f28-sm tb-big-heading tb-font-name tb-mt-5 tb-mb-8 tb-mb-6-sm\">Comunicado de prensa<\/h2>\n        <\/div>\n      \n      \t\t\t\t<\/div>\n\t\t\t\t<\/div>\n\t\t\t\t<div class=\"elementor-element elementor-element-3fa588d4 elementor-widget-divider--view-line elementor-widget elementor-widget-divider\" data-id=\"3fa588d4\" data-element_type=\"widget\" data-e-type=\"widget\" data-widget_type=\"divider.default\">\n\t\t\t\t<div class=\"elementor-widget-container\">\n\t\t\t\t\t\t\t<div class=\"elementor-divider\">\n\t\t\t<span class=\"elementor-divider-separator\">\n\t\t\t\t\t\t<\/span>\n\t\t<\/div>\n\t\t\t\t\t\t<\/div>\n\t\t\t\t<\/div>\n\t\t\t\t<div class=\"elementor-element elementor-element-30ada6da elementor-widget elementor-widget-text-editor\" data-id=\"30ada6da\" data-element_type=\"widget\" data-e-type=\"widget\" data-widget_type=\"text-editor.default\">\n\t\t\t\t<div class=\"elementor-widget-container\">\n\t\t\t\t\t\t\t\t\t<div class=\"wpb_text_column wpb_content_element \"><div class=\"wpb_wrapper\"><div class=\"page\" title=\"P\u00e1gina 1\"><div class=\"layoutArea\"><p class=\"column\"><strong><span id=\"E331\" class=\"qowt-font8-Corbel\">Digital Insure pone a disposici\u00f3n de la red de distribuci\u00f3n de A<\/span><span id=\"E332\" class=\"qowt-font8-Corbel\">lptis <\/span><span id=\"E333\" class=\"qowt-font8-Corbel\">(7500 corredores autorizados y 40 delegados comerciales) una soluci\u00f3n dedicada, de marca blanca, con los colores de Alptis. <\/span><span id=\"E334\" class=\"qowt-font8-Corbel\">En los pr\u00f3ximos d\u00edas, <\/span><span id=\"E335\" class=\"qowt-font8-Corbel\">Alptis <\/span><span id=\"E336\" class=\"qowt-font8-Corbel\">va a <\/span><span id=\"E337\" class=\"qowt-font8-Corbel\">ofrece<\/span><span id=\"E338\" class=\"qowt-font8-Corbel\">r<\/span><span id=\"E339\" class=\"qowt-font8-Corbel\"> a sus socios distribuidores 6 ofertas complementarias, con una experiencia para el corredor y el cliente ampliamente facilitada por la digitalizaci\u00f3n de los procesos y herramientas.<\/span><\/strong><\/p><p class=\"column\"><span id=\"E342\">Se trata de una variante de la plataforma Digital Insure con acceso a los contratos de <\/span><span id=\"E343\">Sopretis (Miltis), <\/span><span id=\"E344\">CNP Access Protect, Iriade, Maestro<\/span><span id=\"E345\"> y<\/span><span id=\"E346\"> MNCAP. <\/span><span id=\"E348\">Este marketplace ha sido especialmente adaptado y personalizado para incluir tambi\u00e9n el producto PAR\u00c9O, ya distribuido por la red Alptis.<\/span><\/p><p> <\/p><\/div><\/div><div class=\"page\" title=\"P\u00e1gina 2\"><div class=\"layoutArea\"><div class=\"column\"><div id=\"contentsContainer\" class=\"style-scope qowt-page\"><div id=\"contents\" class=\"style-scope qowt-page\"><p id=\"E350\" class=\"x-scope qowt-word-para-9\"><strong><span id=\"E351\" class=\"qowt-font8-Corbel\">El Marketplace <\/span><span id=\"E352\" class=\"qowt-font8-Corbel\">ser\u00e1 <\/span><span id=\"E353\" class=\"qowt-font8-Corbel\">accesible a trav\u00e9s de <\/span><span id=\"E354\" class=\"qowt-font8-Corbel\">Alptis Connect<\/span><span id=\"E355\" class=\"qowt-font8-Corbel\">, la extranet para corredores de Alptis Pr\u00e9voyance et Sant\u00e9. Esta plataforma <\/span><span id=\"E356\" class=\"qowt-font8-Corbel\">ha sido dise\u00f1ada para la red de distribuci\u00f3n de Alptis<\/span><\/strong><span id=\"E357\" class=\"qowt-font8-Corbel\"><strong>,<\/strong> con el fin de garantizar una adopci\u00f3n r\u00e1pida e intuitiva. Los corredores pueden avanzar dentro de un \u00fanico proceso digital, desde la comparaci\u00f3n hasta la suscripci\u00f3n, con numerosos servicios integrados:<\/span><\/p><ul><li id=\"E359\" class=\"qowt-li-0_0 qowt-list x-scope qowt-word-para-10\" role=\"listitem\" aria-roledescription=\"Bullet\"><span id=\"E360\" class=\"qowt-font8-Corbel\">Procesos de suscripci\u00f3n ultra fluidos con los mejores niveles de tasas de aprobaci\u00f3n directa de adhesiones,<\/span><\/li><li role=\"listitem\" aria-roledescription=\"Bullet\"><span id=\"E362\" class=\"qowt-font8-Corbel\">Un equipo experto en riesgos especiales para acompa\u00f1ar los proyectos con perfiles at\u00edpicos,<\/span><\/li><li role=\"listitem\" aria-roledescription=\"Bullet\">Un sistema de mensajer\u00eda segura integrado en la herramienta de suscripci\u00f3n que permite cifrar de extremo a extremo todos los datos sensibles relacionados con el expediente del asegurado,<\/li><li role=\"listitem\" aria-roledescription=\"Bullet\"><span id=\"E367\" class=\"qowt-font8-Corbel\">Una plataforma de asesores dedicada a la rescisi\u00f3n para acompa\u00f1ar a la red de corredores de Alptis <\/span><span id=\"E368\" class=\"qowt-font8-Corbel\">haci\u00e9ndose cargo<\/span><span id=\"E369\" class=\"qowt-font8-Corbel\"> de los tr\u00e1mites con los bancos en caso de <\/span><span id=\"E370\" class=\"qowt-font8-Corbel\">sustituci\u00f3n<\/span><span id=\"E371\" class=\"qowt-font8-Corbel\">.<\/span><\/li><\/ul><\/div><\/div><div id=\"pageBorders\" class=\"style-scope qowt-page\" contenteditable=\"false\"> <\/div><div id=\"contentsContainer\" class=\"style-scope qowt-page\"><div id=\"contents\" class=\"style-scope qowt-page\"><p id=\"E374\" class=\"x-scope qowt-word-para-9 x-scope qowt-word-para-9 x-scope qowt-word-para-9\"><span id=\"E375\" class=\"qowt-font8-Corbel\">Marie Soyer, Directora General de Alptis <\/span><span id=\"E376\" class=\"qowt-font8-Corbel\">Pr\u00e9voyance et Sant\u00e9<\/span><span id=\"E377\" class=\"qowt-font8-Corbel\"> declara: \u00ab<\/span><em><span id=\"E378\" class=\"qowt-font8-Corbel\">Estamos encantados de firmar esta colaboraci\u00f3n con Digital Insure para acelerar nuestro desarrollo en el mercado de seguros de pr\u00e9stamo. La raz\u00f3n de ser de Alptis Pr\u00e9voyance &amp; Sant\u00e9 es acompa\u00f1ar las diferentes etapas de la vida. La compra de una propiedad inmobiliaria es un momento clave en la vida de nuestros afiliados. Queremos poder ofrecerles ofertas adaptadas, sea cual sea su perfil<\/span><span id=\"E379\" class=\"qowt-font8-Corbel\">, <\/span><span id=\"E380\" class=\"qowt-font8-Corbel\">y ayudarles<\/span><span id=\"E381\" class=\"qowt-font8-Corbel\"> a <\/span><span id=\"E382\" class=\"qowt-font8-Corbel\">ahorrar en su seguro de pr\u00e9stamo, para ganar poder adquisitivo<\/span><\/em><span id=\"E383\" class=\"qowt-font8-Corbel\"><em>.<\/em>\u00ab<\/span><\/p><p id=\"E385\" class=\"x-scope qowt-word-para-9\"><span id=\"E386\" class=\"qowt-font8-Corbel\">Nad\u00e8je Aroumougom, Directora de Estrategia, Marketing y Comunicaci\u00f3n de Alptis <\/span><span id=\"E387\" class=\"qowt-font8-Corbel\">Pr\u00e9voyance et Sant\u00e9 <\/span><span id=\"E388\" class=\"qowt-font8-Corbel\">subraya: \u00ab<\/span><em><span id=\"E389\" class=\"qowt-font8-Corbel\">Esta colaboraci\u00f3n nos permitir\u00e1 acompa\u00f1ar a nuestra red de corredores independientes con una gama ampliada de ofertas, un proceso de suscripci\u00f3n 100% digital, enriquecido con un comparador de ofertas eficaz.<\/span><\/em><span id=\"E390\" class=\"qowt-font8-Corbel\">\u00ab<\/span><\/p><p id=\"E393\" class=\"x-scope qowt-word-para-9\"><span id=\"E394\" class=\"qowt-font8-Corbel\">Christophe Grouas, Director General de Digital Insure concluye: \u00ab <\/span><em><span id=\"E395\" class=\"qowt-font8-Corbel\">Estoy particularmente satisfecho de poner el know-how de Digital Insure al servicio de una empresa como Alptis, que comparte nuestro ADN y la misma voluntad de satisfacer a sus corredores y a sus propios clientes<\/span><\/em><span id=\"E396\" class=\"qowt-font8-Corbel\">\u00bb. <\/span> <\/p><p id=\"E401\" class=\"x-scope qowt-word-para-15\"><strong><span id=\"E402\" class=\"qowt-font8-Corbel\">Acerca de Alptis <\/span><\/strong><span id=\"E402\" class=\"qowt-font8-Corbel\"> <\/span><a id=\"E403\" contenteditable=\"false\" href=\"http:\/\/www.alptis.org\" target=\"_blank\" rel=\"noopener\"><span id=\"E404\" class=\"qowt-font8-Corbel\">www.alptis.org<\/span><\/a><\/p><p id=\"E406\" class=\"x-scope qowt-word-para-16\"><span id=\"E407\" class=\"qowt-font8-Corbel\">Creado en Lyon en 1976, Alptis es un grupo de protecci\u00f3n social, independiente, asociativo y empresarial. Actualmente est\u00e1 formado por un conjunto de empresas* que ofrecen soluciones que combinan responsabilidad y solidaridad en tres grandes \u00e1reas: prevenci\u00f3n, seguros y financiaci\u00f3n. Opera para particulares, trabajadores aut\u00f3nomos y empresas.  <\/span><\/p><p id=\"E408\" class=\"x-scope qowt-word-para-16\"><span id=\"E409\" class=\"qowt-font8-Corbel\">Alptis cuenta con una red de distribuci\u00f3n de 7.700 socios, corredores y asesores independientes de gesti\u00f3n patrimonial. El grupo protege actualmente a cerca de 500.000 personas y acompa\u00f1a a cerca de 14.000 empresas en toda Francia (metropolitana y DROM). <\/span><\/p><p id=\"E410\" class=\"x-scope qowt-word-para-16\"><span id=\"E411\" class=\"qowt-font8-Corbel\">El modelo desarrollado por Alptis es colaborativo y participativo: 600 miembros activos voluntarios participan en la gobernanza del grupo y\/o se comprometen en m\u00e1s de 100 comit\u00e9s locales. En particular, organizan cerca de 400 acciones de prevenci\u00f3n sanitaria cada a\u00f1o, propuestas a todos los miembros. <\/span><\/p><p id=\"E413\" class=\"x-scope qowt-word-para-16\"><span id=\"E414\" class=\"qowt-font8-Corbel\">La misi\u00f3n del grupo se refleja en su raz\u00f3n de ser:<\/span><\/p><p class=\"x-scope qowt-word-para-16\"><span id=\"E416\" class=\"qowt-font8-Corbel\">Aclarando las opciones de seguros y financiaci\u00f3n de cada uno,<\/span><\/p><p id=\"E417\" class=\"x-scope qowt-word-para-16\"><span id=\"E418\" class=\"qowt-font8-Corbel\">Favoreciendo el acceso a la prevenci\u00f3n,<\/span><\/p><p id=\"E419\" class=\"x-scope qowt-word-para-16\"><span id=\"E420\" class=\"qowt-font8-Corbel\">Buscando equilibrios virtuosos dentro de nuestras comunidades y con nuestros socios,<\/span><\/p><p id=\"E421\" class=\"x-scope qowt-word-para-16\"><span id=\"E422\" class=\"qowt-font8-Corbel\">Nos esforzamos por actuar juntos para acompa\u00f1ar y proteger las diferentes trayectorias de vida.<\/span><\/p><p id=\"E423\" class=\"x-scope qowt-word-para-0\"><span id=\"E424\" class=\"qowt-font8-Corbel\">*<em>Las empresas del grupo Alptis: Alptis Pr\u00e9voyance &amp; Sant\u00e9, Assurema, Belend, Capvita, Cmonassurance, GEA Assurances, Mutuelle.fr, Pr\u00eat Pro, Resco Courtage, Signature Assurances, Sola\u00e9 Pr\u00e9voyance, Unep.<\/em><\/span><\/p><p> <\/p><p id=\"E426\" class=\"x-scope qowt-word-para-18\"><span id=\"E427\" class=\"qowt-font8-Corbel\">A<\/span><strong><span id=\"E427\" class=\"qowt-font8-Corbel\">cerca de Digital Insure <\/span><\/strong> <\/p><p id=\"E428\" class=\"x-scope qowt-word-para-16\"><span id=\"E429\" class=\"qowt-font8-Corbel\">Fundada en 2013, Digital Insure es un actor de corretaje decididamente \u00abTech\u00bb, especializado en seguros de pr\u00e9stamo y previsi\u00f3n individual. Sus procesos 100% digitales permiten simplificar y acelerar todas las etapas, desde la comparaci\u00f3n de ofertas hasta la suscripci\u00f3n y la gesti\u00f3n de siniestros para todos los actores de los seguros personales.   <\/span><\/p><p id=\"E430\" class=\"x-scope qowt-word-para-16\"><span id=\"E431\" class=\"qowt-font8-Corbel\">A trav\u00e9s de su filial de distribuci\u00f3n, Digital Insure pone a disposici\u00f3n de sus corredores distribuidores (corredores  <\/span><\/p><\/div><\/div><div id=\"pageBorders\" class=\"style-scope qowt-page\" contenteditable=\"false\"> <\/div><div id=\"contentsContainer\" class=\"style-scope qowt-page\"><div id=\"contents\" class=\"style-scope qowt-page\"><p class=\"x-scope qowt-word-para-16 x-scope qowt-word-para-16\"><span class=\"qowt-font8-Corbel\">generalistas, especializados, web players), ofertas exclusivas de seguros de pr\u00e9stamo y de previsi\u00f3n adaptadas a los perfiles de sus clientes, procesos digitales de comparaci\u00f3n y suscripci\u00f3n y una alta calidad de servicio en la gesti\u00f3n de contratos, en delegaci\u00f3n y en sustituci\u00f3n.<\/span><\/p><p id=\"E434\" class=\"x-scope qowt-word-para-16\"><span id=\"E435\" class=\"qowt-font8-Corbel\">La filial Digital Insure Services ofrece a Aseguradoras, Mutuas y Bancos acompa\u00f1arles en su transformaci\u00f3n digital en la distribuci\u00f3n y\/o gesti\u00f3n de sus contratos de seguros personales a trav\u00e9s de soluciones tecnol\u00f3gicas o proyectos innovadores.  <\/span><\/p><p id=\"E436\" class=\"x-scope qowt-word-para-16\"><span id=\"E437\" class=\"qowt-font8-Corbel\">Miembro activo de numerosos c\u00edrculos orientados a la \u201ctech\u201d (France Fintech, Finance Innovation, API Thinking, Insurtech France&#8230;), miembro de la red FrenchTech120 (alumni 2020), Digital Insure tambi\u00e9n ha creado en 2021 su propia red \u00abLe Hub Fintech by DI\u00bb .<\/span><\/p><p id=\"E438\" class=\"x-scope qowt-word-para-16\"><a id=\"E439\" contenteditable=\"false\" href=\"https:\/\/www.digital-insure.fr\/es\/\" target=\"_blank\" rel=\"noopener\"><span id=\"E440\" class=\"qowt-font8-Corbel\">https:\/\/www.digital-insure.fr\/<\/span><\/a><\/p><p> <\/p><p id=\"E442\" class=\"x-scope qowt-word-para-20\"><strong><span id=\"E443\" class=\"qowt-font8-Corbel\">Contactos de prensa  <\/span><\/strong><\/p><p id=\"E444\" class=\"x-scope qowt-word-para-21\"><strong><span id=\"E445\" class=\"qowt-font8-Corbel\">Alptis<\/span><\/strong><\/p><p id=\"E446\" class=\"x-scope qowt-word-para-22\"><span id=\"E447\" class=\"qowt-font8-Corbel\">Pascal Geneyton \/Responsable de Comunicaci\u00f3n \/ 04 72 36 23 54 \u2013 p&#46;&#x67;&#x65;n&#101;&#121;&#x74;&#x6f;n&#64;&#x61;&#x6c;p&#116;&#105;&#x73;&#x2e;f&#114;<\/span><\/p><p id=\"E448\" class=\"x-scope qowt-word-para-22\"><span id=\"E449\" class=\"qowt-font8-Corbel\">Agencia Auvray &amp; Associ\u00e9s: Teninsy Savan\u00e9 \/ 01 58 22 25 75 \u2013 <\/span><span id=\"E450\" class=\"qowt-font7-Cambria\"> <\/span><a id=\"E451\" contenteditable=\"false\" href=\"&#109;&#x61;&#105;&#x6c;&#116;&#x6f;:&#x74;&#46;&#115;&#x61;&#118;&#x61;&#110;&#x65;&#64;&#x61;u&#118;&#x72;&#97;&#x79;&#45;&#x62;&#111;&#x72;a&#x63;a&#121;&#x2e;&#99;&#x6f;&#109;\" target=\"_blank\" rel=\"noopener\"><span id=\"E452\" class=\"qowt-font8-Corbel\">t&#46;&#x73;&#x61;&#x76;a&#110;&#x65;&#x40;&#x61;u&#118;&#x72;&#x61;&#x79;-&#98;&#x6f;&#x72;&#x61;c&#97;&#x79;&#x2e;&#x63;o&#109;<\/span><\/a><\/p><p id=\"E462\" class=\"x-scope qowt-word-para-22\"> <\/p><\/div><\/div><p> <\/p><\/div><\/div><\/div><\/div><\/div>\t\t\t\t\t\t\t\t<\/div>\n\t\t\t\t<\/div>\n\t\t\t\t<section class=\"elementor-section elementor-inner-section elementor-element elementor-element-543334d6 elementor-section-boxed elementor-section-height-default elementor-section-height-default\" data-id=\"543334d6\" data-element_type=\"section\" data-e-type=\"section\">\n\t\t\t\t\t\t<div class=\"elementor-container elementor-column-gap-default\">\n\t\t\t\t\t<div class=\"elementor-column elementor-col-50 elementor-inner-column elementor-element elementor-element-49d85f4e\" data-id=\"49d85f4e\" data-element_type=\"column\" data-e-type=\"column\">\n\t\t\t<div class=\"elementor-widget-wrap elementor-element-populated\">\n\t\t\t\t\t\t<div class=\"elementor-element elementor-element-4e4b5897 elementor-widget elementor-widget-webify-about-us-widget\" data-id=\"4e4b5897\" data-element_type=\"widget\" data-e-type=\"widget\" data-widget_type=\"webify-about-us-widget.default\">\n\t\t\t\t<div class=\"elementor-widget-container\">\n\t\t\t\t\t\n    <div class=\"tb-about tb-style1\">\n            <div class=\"tb-section-heading tb-style2 text-center\">\n                  <div class=\"tb-f13-lg tb-line1-6 text-uppercase tb-sub-heading tb-spacing1 tb-mb2 tb-mt-5\" class=\"tb-f13-lg tb-line1-6 text-uppercase tb-sub-heading tb-spacing1 tb-mb2 tb-mt-5\">digital insure<\/div>\n          <div class=\"empty-space marg-lg-b5\"><\/div>\n                          <h2 class=\"tb-f36-lg tb-f25-sm tb-heading tb-font-name tb-m0\" class=\"tb-f36-lg tb-f25-sm tb-heading tb-font-name tb-m0\">Veronika Ondrackova<\/h2>\n          <div class=\"empty-space marg-lg-b20 marg-sm-b20\"><\/div>\n         \n      <\/div>\n              <div class=\"text-center tb-f18-lg tb-about-content tb-f18-sm tb-line1-6\" class=\"text-center tb-f18-lg tb-about-content tb-f18-sm tb-line1-6\">Responsable communication<br>\np&#114;&#101;&#115;&#x73;&#x65;&#x40;di&#103;&#105;&#x74;&#x61;&#x6c;&#x2d;in&#115;&#117;&#x72;&#x65;&#x2e;&#x66;r<br>\n09 72 56 42 64<\/div>\n                <\/div>\n\n  \t\t\t\t<\/div>\n\t\t\t\t<\/div>\n\t\t\t\t\t<\/div>\n\t\t<\/div>\n\t\t\t\t<div class=\"elementor-column elementor-col-50 elementor-inner-column elementor-element elementor-element-4731d263\" data-id=\"4731d263\" data-element_type=\"column\" data-e-type=\"column\">\n\t\t\t<div class=\"elementor-widget-wrap elementor-element-populated\">\n\t\t\t\t\t\t<div class=\"elementor-element elementor-element-6f457758 elementor-widget elementor-widget-webify-about-us-widget\" data-id=\"6f457758\" data-element_type=\"widget\" data-e-type=\"widget\" data-widget_type=\"webify-about-us-widget.default\">\n\t\t\t\t<div class=\"elementor-widget-container\">\n\t\t\t\t\t\n    <div class=\"tb-about tb-style1\">\n            <div class=\"tb-section-heading tb-style2 text-center\">\n                  <div class=\"tb-f13-lg tb-line1-6 text-uppercase tb-sub-heading tb-spacing1 tb-mb2 tb-mt-5\" class=\"tb-f13-lg tb-line1-6 text-uppercase tb-sub-heading tb-spacing1 tb-mb2 tb-mt-5\">Kodiac CONSULTING<\/div>\n          <div class=\"empty-space marg-lg-b5\"><\/div>\n                          <h2 class=\"tb-f36-lg tb-f25-sm tb-heading tb-font-name tb-m0\" class=\"tb-f36-lg tb-f25-sm tb-heading tb-font-name tb-m0\">Brigitte Michaut<\/h2>\n          <div class=\"empty-space marg-lg-b20 marg-sm-b20\"><\/div>\n         \n      <\/div>\n              <div class=\"text-center tb-f18-lg tb-about-content tb-f18-sm tb-line1-6\" class=\"text-center tb-f18-lg tb-about-content tb-f18-sm tb-line1-6\">Consultante<br>\n&#x62;&#114;i&#x67;&#x69;&#116;t&#x65;&#x2e;&#109;i&#x63;&#x68;&#97;u&#x74;&#x40;&#107;o&#x64;&#105;&#97;c&#x2e;&#102;r<br>\n06 19 66 38 54<\/div>\n                <\/div>\n\n  \t\t\t\t<\/div>\n\t\t\t\t<\/div>\n\t\t\t\t\t<\/div>\n\t\t<\/div>\n\t\t\t\t\t<\/div>\n\t\t<\/section>\n\t\t\t\t<div class=\"elementor-element elementor-element-2ab9bc78 elementor-widget elementor-widget-webify-icon-box-widget\" data-id=\"2ab9bc78\" data-element_type=\"widget\" data-e-type=\"widget\" data-widget_type=\"webify-icon-box-widget.default\">\n\t\t\t\t<div class=\"elementor-widget-container\">\n\t\t\t\t\t        <div class=\"tb-icon-box tb-style4 tb-border text-center\">\n          <div class=\"tb-icon tb-f48-lg\">\n                          <i class=\"fa fa-file-pdf-o\"><\/i>\n                      <\/div>\n          <div class=\"empty-space marg-lg-b20\"><\/div>\n                      <h3 class=\"tb-iconbox-heading tb-font-name tb-f18-lg  tb-m0\">Comunicado de Prensa Alptis - Digital Insure - 19\/09\/23<\/h3>\n          <div class=\"empty-space marg-lg-b10\"><\/div>\n                                          <a href=\"https:\/\/www.digital-insure.fr\/wp-content\/uploads\/sites\/4\/2023\/09\/CP-MARKETPLACE-ALPTIS-DIGITAL-INSURE_19-septembre-2023.pdf\" target=\"_blank\" class=\"tb-btn tb-style1\">Descargar el pdf<\/a>\n                  <\/div>\n        \t\t\t\t<\/div>\n\t\t\t\t<\/div>\n\t\t\t\t\t<\/div>\n\t\t<\/div>\n\t\t\t\t\t<\/div>\n\t\t<\/section>\n\t\t\t\t<\/div>\n\t\t","protected":false},"excerpt":{"rendered":"<p>COMUNICADO DE PRENSA Alptis lanza una Marketplace de Prestatario en asociaci\u00f3n con Digital Insure Comunicado de Prensa Alptis \u2013 Digital Insure \u2013 19\/09\/23 Descargar el pdf Comunicado de prensa Digital Insure pone a disposici\u00f3n de la red de distribuci\u00f3n de Alptis (7500 corredores autorizados y 40 delegados comerciales) una soluci\u00f3n dedicada, de marca blanca, con [&hellip;]<\/p>\n","protected":false},"author":11,"featured_media":40513,"comment_status":"closed","ping_status":"closed","sticky":false,"template":"","format":"standard","meta":{"footnotes":""},"categories":[99,96],"tags":[],"class_list":["post-38660","post","type-post","status-publish","format-standard","has-post-thumbnail","hentry","category-evento","category-comunicado-de-prensa"],"_links":{"self":[{"href":"https:\/\/www.digital-insure.fr\/es\/wp-json\/wp\/v2\/posts\/38660","targetHints":{"allow":["GET"]}}],"collection":[{"href":"https:\/\/www.digital-insure.fr\/es\/wp-json\/wp\/v2\/posts"}],"about":[{"href":"https:\/\/www.digital-insure.fr\/es\/wp-json\/wp\/v2\/types\/post"}],"author":[{"embeddable":true,"href":"https:\/\/www.digital-insure.fr\/es\/wp-json\/wp\/v2\/users\/11"}],"replies":[{"embeddable":true,"href":"https:\/\/www.digital-insure.fr\/es\/wp-json\/wp\/v2\/comments?post=38660"}],"version-history":[{"count":4,"href":"https:\/\/www.digital-insure.fr\/es\/wp-json\/wp\/v2\/posts\/38660\/revisions"}],"predecessor-version":[{"id":40515,"href":"https:\/\/www.digital-insure.fr\/es\/wp-json\/wp\/v2\/posts\/38660\/revisions\/40515"}],"wp:featuredmedia":[{"embeddable":true,"href":"https:\/\/www.digital-insure.fr\/es\/wp-json\/wp\/v2\/media\/40513"}],"wp:attachment":[{"href":"https:\/\/www.digital-insure.fr\/es\/wp-json\/wp\/v2\/media?parent=38660"}],"wp:term":[{"taxonomy":"category","embeddable":true,"href":"https:\/\/www.digital-insure.fr\/es\/wp-json\/wp\/v2\/categories?post=38660"},{"taxonomy":"post_tag","embeddable":true,"href":"https:\/\/www.digital-insure.fr\/es\/wp-json\/wp\/v2\/tags?post=38660"}],"curies":[{"name":"wp","href":"https:\/\/api.w.org\/{rel}","templated":true}]}}